{"id":7119,"date":"2025-05-27T13:12:23","date_gmt":"2025-05-27T11:12:23","guid":{"rendered":"https:\/\/www.vnh.org\/?p=7119"},"modified":"2025-05-27T13:14:44","modified_gmt":"2025-05-27T11:14:44","slug":"complement-alimentaire-concentration-bienfaits-conseils","status":"publish","type":"post","link":"https:\/\/www.vnh.org\/indexphp\/complement-alimentaire-concentration-bienfaits-conseils","title":{"rendered":"Compl\u00e9ment alimentaire pour la concentration : bienfaits et conseils"},"content":{"rendered":"\n<p>Avez-vous d\u00e9j\u00e0 ressenti le besoin de booster vos performances intellectuelles lors d&#8217;une journ\u00e9e particuli\u00e8rement charg\u00e9e ? C&#8217;est l&#8217;une des raisons pour lesquelles les <strong>compl\u00e9ments alimentaires<\/strong> destin\u00e9s \u00e0 am\u00e9liorer la <strong>concentration<\/strong> et la <strong>sant\u00e9 c\u00e9r\u00e9brale<\/strong> sont de plus en plus populaires. D\u00e9couvrons ensemble leur composition, leurs bienfaits potentiels et ce que vous devez savoir avant de les int\u00e9grer \u00e0 votre routine quotidienne.<\/p>\n\n\n\n<h2 class=\"wp-block-heading\">Pourquoi utiliser des compl\u00e9ments alimentaires pour la concentration ?<\/h2>\n\n\n\n<p>De nos jours, les exigences professionnelles et personnelles peuvent parfois entra\u00eener une fatigue mentale accrue et un manque de concentration. Utiliser un <a href=\"https:\/\/www.store.laboratoire-vitalsante.com\/pages\/memoire\">compl\u00e9ment alimentaire pour la concentration<\/a> peut ainsi \u00eatre une solution pour soutenir les capacit\u00e9s cognitives et la m\u00e9moire. Ce type de produit contient en effet des ingr\u00e9dients reconnus pour leurs b\u00e9n\u00e9fices sur la sant\u00e9 c\u00e9r\u00e9brale.<\/p>\n\n\n\n<p>Cela dit, ces \u00e9l\u00e9ments ne remplacent pas une alimentation \u00e9quilibr\u00e9e, mais ils peuvent servir de support additionnel. En fait, en stimulant naturellement la <strong>concentration<\/strong> et la m\u00e9moire, ils aident \u00e0 rester performant tout au long de la journ\u00e9e. Voyons maintenant quels sont les ingr\u00e9dients cl\u00e9s pr\u00e9sents dans ces compl\u00e9ments.<\/p>\n\n\n\n<h3 class=\"wp-block-heading\">Les ingr\u00e9dients phares pour booster la concentration<\/h3>\n\n\n\n<p>Certains nutriments sont particuli\u00e8rement connus pour favoriser la concentration et les fonctions cognitives. Voici quelques-uns d&#8217;entre eux.<\/p>\n\n\n\n<ul class=\"wp-block-list\">\n<li><strong>Vitamines B :<\/strong> essentielles au bon fonctionnement du syst\u00e8me nerveux, elles jouent un r\u00f4le crucial dans l&#8217;am\u00e9lioration de la m\u00e9moire et de la concentration.<\/li>\n\n\n\n<li><strong>Om\u00e9ga-3 :<\/strong> ces <strong>acides gras<\/strong> sont r\u00e9put\u00e9s pour leurs effets b\u00e9n\u00e9fiques sur la sant\u00e9 c\u00e9r\u00e9brale. Une consommation r\u00e9guli\u00e8re contribue au maintien de fonctions cognitives optimales.<\/li>\n\n\n\n<li><strong>Ginkgo biloba :<\/strong> utilis\u00e9 depuis des si\u00e8cles, cet extrait v\u00e9g\u00e9tal est connu pour am\u00e9liorer la circulation sanguine c\u00e9r\u00e9brale, favorisant ainsi la concentration et la m\u00e9moire.<\/li>\n\n\n\n<li><strong>Bacopa :<\/strong> plante traditionnellement utilis\u00e9e en Ayurv\u00e9da, elle est r\u00e9put\u00e9e pour augmenter les performances intellectuelles et r\u00e9duire l&#8217;anxi\u00e9t\u00e9.<\/li>\n<\/ul>\n\n\n\n<h2 class=\"wp-block-heading\">Comment choisir un compl\u00e9ment alimentaire adapt\u00e9 ?<\/h2>\n\n\n\n<p>Face \u00e0 la diversit\u00e9 de produits disponibles, il peut \u00eatre difficile de faire un choix \u00e9clair\u00e9. Il est donc important de tenir compte de plusieurs facteurs pour s\u00e9lectionner le <strong>compl\u00e9ment alimentaire<\/strong> qui r\u00e9pondra au mieux \u00e0 vos besoins sp\u00e9cifiques.<\/p>\n\n\n\n<h3 class=\"wp-block-heading\">\u00c9valuer la qualit\u00e9 des ingr\u00e9dients<\/h3>\n\n\n\n<p>Tout d&#8217;abord, v\u00e9rifiez la qualit\u00e9 des <strong>ingr\u00e9dients<\/strong> utilis\u00e9s. Privil\u00e9giez des produits compos\u00e9s d&#8217;extraits standardis\u00e9s et issus de sources fiables. Optez \u00e9galement pour des compl\u00e9ments sans additifs chimiques ou conservateurs inutiles.<\/p>\n\n\n\n<p>Il est aussi essentiel de consulter la <strong>posologie<\/strong> recommand\u00e9e par le fabricant. Assurez-vous que les quantit\u00e9s propos\u00e9es correspondent aux doses efficaces soutenues par des \u00e9tudes scientifiques. Cela garantit un apport suffisant des nutriments n\u00e9cessaires pour obtenir les r\u00e9sultats escompt\u00e9s.<\/p>\n\n\n\n<h3 class=\"wp-block-heading\">Comparer les prix<\/h3>\n\n\n\n<p>Le co\u00fbt des <strong>compl\u00e9ments alimentaires<\/strong> pour la concentration peut varier consid\u00e9rablement selon la qualit\u00e9 des ingr\u00e9dients et la notori\u00e9t\u00e9 de la marque. D&#8217;une mani\u00e8re g\u00e9n\u00e9rale, attendez-vous \u00e0 payer entre 15 et 50 euros pour un mois de traitement. Ce prix d\u00e9pend aussi de la formule choisie et de la concentration en actifs.<\/p>\n\n\n\n<p>N\u00e9anmoins, n&#8217;oubliez pas qu&#8217;un prix \u00e9lev\u00e9 n&#8217;est pas toujours synonyme de qualit\u00e9 sup\u00e9rieure. Prenez le temps d&#8217;\u00e9tudier les \u00e9tiquettes et de lire les avis consommateurs pour vous assurer de l&#8217;efficacit\u00e9 du produit que vous envisagez d&#8217;acheter.<\/p>\n\n\n\n<h2 class=\"wp-block-heading\">Conseils d&#8217;utilisation des compl\u00e9ments alimentaires<\/h2>\n\n\n\n<p>Int\u00e9grer des <strong>compl\u00e9ments alimentaires<\/strong> dans sa routine quotidienne demande une certaine discipline et une bonne compr\u00e9hension des instructions fournies. Voici quelques conseils pour utiliser ces produits de mani\u00e8re optimale.<\/p>\n\n\n\n<h3 class=\"wp-block-heading\">Respecter la posologie<\/h3>\n\n\n\n<p>Chaque compl\u00e9ment a ses propres recommandations quant \u00e0 la dose quotidienne \u00e0 respecter. Il est primordial de suivre cette <strong>posologie<\/strong> pour \u00e9viter toute surconsommation qui pourrait s&#8217;av\u00e9rer contre-productive voire nuisible pour votre sant\u00e9.<\/p>\n\n\n\n<p>Tenez ainsi compte des suggestions concernant le moment de la prise. Certaines substances agissent mieux lorsqu&#8217;elles sont consomm\u00e9es avec des repas pour faciliter leur absorption, tandis que d&#8217;autres ont un effet optimal lorsqu&#8217;elles sont prises le matin pour dynamiser la journ\u00e9e.<\/p>\n\n\n\n<h3 class=\"wp-block-heading\">Adopter une approche globale<\/h3>\n\n\n\n<p>Si les <strong>compl\u00e9ments alimentaires<\/strong> peuvent \u00eatre utiles pour am\u00e9liorer la concentration, ils doivent toujours \u00eatre accompagn\u00e9s d&#8217;un mode de vie sain. Assurez-vous alors d&#8217;avoir une alimentation \u00e9quilibr\u00e9e riche en fruits, l\u00e9gumes et prot\u00e9ines essentielles pour un soutien maximal.<\/p>\n\n\n\n<p>En outre, ne sous-estimez pas l&#8217;importance du <strong>sommeil<\/strong> et de l&#8217;exercice physique r\u00e9gulier pour maintenir la sant\u00e9 c\u00e9r\u00e9brale. L&#8217;hydratation joue \u00e9galement un r\u00f4le cl\u00e9 dans le bon fonctionnement cognitif. Associez donc votre compl\u00e9mentation \u00e0 ces habitudes pour maximiser vos performances intellectuelles.<\/p>\n\n\n\n<h3 class=\"wp-block-heading\">Consulter un professionnel de sant\u00e9<\/h3>\n\n\n\n<p>Afin d&#8217;\u00e9viter toute interaction m\u00e9dicamenteuse ou r\u00e9action ind\u00e9sirable, il est fortement recommand\u00e9 de solliciter l&#8217;avis d&#8217;un m\u00e9decin ou d&#8217;un naturopathe avant de commencer tout nouveau <strong>compl\u00e9ment alimentaire<\/strong>. Leur expertise vous permettra de choisir un produit conforme \u00e0 vos besoins et \u00e0 votre \u00e9tat de sant\u00e9 actuel.<\/p>\n","protected":false},"excerpt":{"rendered":"<p>Avez-vous d\u00e9j\u00e0 ressenti le besoin de booster vos performances intellectuelles lors d&#8217;une journ\u00e9e particuli\u00e8rement charg\u00e9e ? C&#8217;est l&#8217;une des raisons pour lesquelles les compl\u00e9ments alimentaires destin\u00e9s \u00e0 am\u00e9liorer la concentration et la sant\u00e9 c\u00e9r\u00e9brale sont de plus en plus populaires. D\u00e9couvrons ensemble leur composition, leurs bienfaits potentiels et ce que vous devez savoir avant de&#8230;<\/p>\n","protected":false},"author":3,"featured_media":7122,"comment_status":"closed","ping_status":"closed","sticky":false,"template":"","format":"standard","meta":{"footnotes":""},"categories":[1],"tags":[],"class_list":["post-7119","post","type-post","status-publish","format-standard","has-post-thumbnail","hentry","category-news","vs-blog blog-single"],"yoast_head":"<!-- This site is optimized with the Yoast SEO plugin v27.4 - https:\/\/yoast.com\/product\/yoast-seo-wordpress\/ -->\n<title>Compl\u00e9ment alimentaire de concentration : b\u00e9n\u00e9fices et conseils<\/title>\n<meta name=\"description\" content=\"Voulez-vous prendre un compl\u00e9ment alimentaire de concentration ? Dans cet article, d\u00e9couvrez ses bienfaits et des conseils d&#039;utilisation.\" \/>\n<meta name=\"robots\" content=\"index, follow, max-snippet:-1, max-image-preview:large, max-video-preview:-1\" \/>\n<link rel=\"canonical\" href=\"https:\/\/www.vnh.org\/indexphp\/complement-alimentaire-concentration-bienfaits-conseils\" \/>\n<meta property=\"og:locale\" content=\"fr_FR\" \/>\n<meta property=\"og:type\" content=\"article\" \/>\n<meta property=\"og:title\" content=\"Compl\u00e9ment alimentaire de concentration : b\u00e9n\u00e9fices et conseils\" \/>\n<meta property=\"og:description\" content=\"Voulez-vous prendre un compl\u00e9ment alimentaire de concentration ? Dans cet article, d\u00e9couvrez ses bienfaits et des conseils d&#039;utilisation.\" \/>\n<meta property=\"og:url\" content=\"https:\/\/www.vnh.org\/indexphp\/complement-alimentaire-concentration-bienfaits-conseils\" \/>\n<meta property=\"og:site_name\" content=\"https:\/\/www.vnh.org\/\" \/>\n<meta property=\"article:published_time\" content=\"2025-05-27T11:12:23+00:00\" \/>\n<meta property=\"article:modified_time\" content=\"2025-05-27T11:14:44+00:00\" \/>\n<meta property=\"og:image\" content=\"https:\/\/www.vnh.org\/wp-content\/uploads\/2025\/05\/Complement-alimentaire-pour-la-concentration.jpg\" \/>\n\t<meta property=\"og:image:width\" content=\"500\" \/>\n\t<meta property=\"og:image:height\" content=\"333\" \/>\n\t<meta property=\"og:image:type\" content=\"image\/jpeg\" \/>\n<meta name=\"author\" content=\"EMI\" \/>\n<meta name=\"twitter:card\" content=\"summary_large_image\" \/>\n<meta name=\"twitter:label1\" content=\"\u00c9crit par\" \/>\n\t<meta name=\"twitter:data1\" content=\"EMI\" \/>\n\t<meta name=\"twitter:label2\" content=\"Dur\u00e9e de lecture estim\u00e9e\" \/>\n\t<meta name=\"twitter:data2\" content=\"4 minutes\" \/>\n<script type=\"application\/ld+json\" class=\"yoast-schema-graph\">{\"@context\":\"https:\\\/\\\/schema.org\",\"@graph\":[{\"@type\":\"Article\",\"@id\":\"https:\\\/\\\/www.vnh.org\\\/indexphp\\\/complement-alimentaire-concentration-bienfaits-conseils#article\",\"isPartOf\":{\"@id\":\"https:\\\/\\\/www.vnh.org\\\/indexphp\\\/complement-alimentaire-concentration-bienfaits-conseils\"},\"author\":{\"name\":\"EMI\",\"@id\":\"https:\\\/\\\/www.vnh.org\\\/#\\\/schema\\\/person\\\/3fb7b6be4dcb89bd01c58a11cee63826\"},\"headline\":\"Compl\u00e9ment alimentaire pour la concentration : bienfaits et conseils\",\"datePublished\":\"2025-05-27T11:12:23+00:00\",\"dateModified\":\"2025-05-27T11:14:44+00:00\",\"mainEntityOfPage\":{\"@id\":\"https:\\\/\\\/www.vnh.org\\\/indexphp\\\/complement-alimentaire-concentration-bienfaits-conseils\"},\"wordCount\":878,\"image\":{\"@id\":\"https:\\\/\\\/www.vnh.org\\\/indexphp\\\/complement-alimentaire-concentration-bienfaits-conseils#primaryimage\"},\"thumbnailUrl\":\"https:\\\/\\\/www.vnh.org\\\/wp-content\\\/uploads\\\/2025\\\/05\\\/Complement-alimentaire-pour-la-concentration.jpg\",\"articleSection\":[\"News\"],\"inLanguage\":\"fr-FR\"},{\"@type\":\"WebPage\",\"@id\":\"https:\\\/\\\/www.vnh.org\\\/indexphp\\\/complement-alimentaire-concentration-bienfaits-conseils\",\"url\":\"https:\\\/\\\/www.vnh.org\\\/indexphp\\\/complement-alimentaire-concentration-bienfaits-conseils\",\"name\":\"Compl\u00e9ment alimentaire de concentration : b\u00e9n\u00e9fices et conseils\",\"isPartOf\":{\"@id\":\"https:\\\/\\\/www.vnh.org\\\/#website\"},\"primaryImageOfPage\":{\"@id\":\"https:\\\/\\\/www.vnh.org\\\/indexphp\\\/complement-alimentaire-concentration-bienfaits-conseils#primaryimage\"},\"image\":{\"@id\":\"https:\\\/\\\/www.vnh.org\\\/indexphp\\\/complement-alimentaire-concentration-bienfaits-conseils#primaryimage\"},\"thumbnailUrl\":\"https:\\\/\\\/www.vnh.org\\\/wp-content\\\/uploads\\\/2025\\\/05\\\/Complement-alimentaire-pour-la-concentration.jpg\",\"datePublished\":\"2025-05-27T11:12:23+00:00\",\"dateModified\":\"2025-05-27T11:14:44+00:00\",\"author\":{\"@id\":\"https:\\\/\\\/www.vnh.org\\\/#\\\/schema\\\/person\\\/3fb7b6be4dcb89bd01c58a11cee63826\"},\"description\":\"Voulez-vous prendre un compl\u00e9ment alimentaire de concentration ? Dans cet article, d\u00e9couvrez ses bienfaits et des conseils d'utilisation.\",\"breadcrumb\":{\"@id\":\"https:\\\/\\\/www.vnh.org\\\/indexphp\\\/complement-alimentaire-concentration-bienfaits-conseils#breadcrumb\"},\"inLanguage\":\"fr-FR\",\"potentialAction\":[{\"@type\":\"ReadAction\",\"target\":[\"https:\\\/\\\/www.vnh.org\\\/indexphp\\\/complement-alimentaire-concentration-bienfaits-conseils\"]}]},{\"@type\":\"ImageObject\",\"inLanguage\":\"fr-FR\",\"@id\":\"https:\\\/\\\/www.vnh.org\\\/indexphp\\\/complement-alimentaire-concentration-bienfaits-conseils#primaryimage\",\"url\":\"https:\\\/\\\/www.vnh.org\\\/wp-content\\\/uploads\\\/2025\\\/05\\\/Complement-alimentaire-pour-la-concentration.jpg\",\"contentUrl\":\"https:\\\/\\\/www.vnh.org\\\/wp-content\\\/uploads\\\/2025\\\/05\\\/Complement-alimentaire-pour-la-concentration.jpg\",\"width\":500,\"height\":333,\"caption\":\"Compl\u00e9ment alimentaire pour la concentration\"},{\"@type\":\"BreadcrumbList\",\"@id\":\"https:\\\/\\\/www.vnh.org\\\/indexphp\\\/complement-alimentaire-concentration-bienfaits-conseils#breadcrumb\",\"itemListElement\":[{\"@type\":\"ListItem\",\"position\":1,\"name\":\"Accueil\",\"item\":\"https:\\\/\\\/www.vnh.org\\\/\"},{\"@type\":\"ListItem\",\"position\":2,\"name\":\"Compl\u00e9ment alimentaire pour la concentration : bienfaits et conseils\"}]},{\"@type\":\"WebSite\",\"@id\":\"https:\\\/\\\/www.vnh.org\\\/#website\",\"url\":\"https:\\\/\\\/www.vnh.org\\\/\",\"name\":\"https:\\\/\\\/www.vnh.org\\\/\",\"description\":\"\",\"potentialAction\":[{\"@type\":\"SearchAction\",\"target\":{\"@type\":\"EntryPoint\",\"urlTemplate\":\"https:\\\/\\\/www.vnh.org\\\/?s={search_term_string}\"},\"query-input\":{\"@type\":\"PropertyValueSpecification\",\"valueRequired\":true,\"valueName\":\"search_term_string\"}}],\"inLanguage\":\"fr-FR\"},{\"@type\":\"Person\",\"@id\":\"https:\\\/\\\/www.vnh.org\\\/#\\\/schema\\\/person\\\/3fb7b6be4dcb89bd01c58a11cee63826\",\"name\":\"EMI\",\"image\":{\"@type\":\"ImageObject\",\"inLanguage\":\"fr-FR\",\"@id\":\"https:\\\/\\\/secure.gravatar.com\\\/avatar\\\/81dccff5d252798c86b0c7b92823ef0bb1895c8983e946dca77016649bae9698?s=96&d=mm&r=g\",\"url\":\"https:\\\/\\\/secure.gravatar.com\\\/avatar\\\/81dccff5d252798c86b0c7b92823ef0bb1895c8983e946dca77016649bae9698?s=96&d=mm&r=g\",\"contentUrl\":\"https:\\\/\\\/secure.gravatar.com\\\/avatar\\\/81dccff5d252798c86b0c7b92823ef0bb1895c8983e946dca77016649bae9698?s=96&d=mm&r=g\",\"caption\":\"EMI\"},\"url\":\"https:\\\/\\\/www.vnh.org\\\/index.php\\\/blog\\\/entry\\\/author\\\/emi\"}]}<\/script>\n<!-- \/ Yoast SEO plugin. -->","yoast_head_json":{"title":"Compl\u00e9ment alimentaire de concentration : b\u00e9n\u00e9fices et conseils","description":"Voulez-vous prendre un compl\u00e9ment alimentaire de concentration ? Dans cet article, d\u00e9couvrez ses bienfaits et des conseils d'utilisation.","robots":{"index":"index","follow":"follow","max-snippet":"max-snippet:-1","max-image-preview":"max-image-preview:large","max-video-preview":"max-video-preview:-1"},"canonical":"https:\/\/www.vnh.org\/indexphp\/complement-alimentaire-concentration-bienfaits-conseils","og_locale":"fr_FR","og_type":"article","og_title":"Compl\u00e9ment alimentaire de concentration : b\u00e9n\u00e9fices et conseils","og_description":"Voulez-vous prendre un compl\u00e9ment alimentaire de concentration ? Dans cet article, d\u00e9couvrez ses bienfaits et des conseils d'utilisation.","og_url":"https:\/\/www.vnh.org\/indexphp\/complement-alimentaire-concentration-bienfaits-conseils","og_site_name":"https:\/\/www.vnh.org\/","article_published_time":"2025-05-27T11:12:23+00:00","article_modified_time":"2025-05-27T11:14:44+00:00","og_image":[{"width":500,"height":333,"url":"https:\/\/www.vnh.org\/wp-content\/uploads\/2025\/05\/Complement-alimentaire-pour-la-concentration.jpg","type":"image\/jpeg"}],"author":"EMI","twitter_card":"summary_large_image","twitter_misc":{"\u00c9crit par":"EMI","Dur\u00e9e de lecture estim\u00e9e":"4 minutes"},"schema":{"@context":"https:\/\/schema.org","@graph":[{"@type":"Article","@id":"https:\/\/www.vnh.org\/indexphp\/complement-alimentaire-concentration-bienfaits-conseils#article","isPartOf":{"@id":"https:\/\/www.vnh.org\/indexphp\/complement-alimentaire-concentration-bienfaits-conseils"},"author":{"name":"EMI","@id":"https:\/\/www.vnh.org\/#\/schema\/person\/3fb7b6be4dcb89bd01c58a11cee63826"},"headline":"Compl\u00e9ment alimentaire pour la concentration : bienfaits et conseils","datePublished":"2025-05-27T11:12:23+00:00","dateModified":"2025-05-27T11:14:44+00:00","mainEntityOfPage":{"@id":"https:\/\/www.vnh.org\/indexphp\/complement-alimentaire-concentration-bienfaits-conseils"},"wordCount":878,"image":{"@id":"https:\/\/www.vnh.org\/indexphp\/complement-alimentaire-concentration-bienfaits-conseils#primaryimage"},"thumbnailUrl":"https:\/\/www.vnh.org\/wp-content\/uploads\/2025\/05\/Complement-alimentaire-pour-la-concentration.jpg","articleSection":["News"],"inLanguage":"fr-FR"},{"@type":"WebPage","@id":"https:\/\/www.vnh.org\/indexphp\/complement-alimentaire-concentration-bienfaits-conseils","url":"https:\/\/www.vnh.org\/indexphp\/complement-alimentaire-concentration-bienfaits-conseils","name":"Compl\u00e9ment alimentaire de concentration : b\u00e9n\u00e9fices et conseils","isPartOf":{"@id":"https:\/\/www.vnh.org\/#website"},"primaryImageOfPage":{"@id":"https:\/\/www.vnh.org\/indexphp\/complement-alimentaire-concentration-bienfaits-conseils#primaryimage"},"image":{"@id":"https:\/\/www.vnh.org\/indexphp\/complement-alimentaire-concentration-bienfaits-conseils#primaryimage"},"thumbnailUrl":"https:\/\/www.vnh.org\/wp-content\/uploads\/2025\/05\/Complement-alimentaire-pour-la-concentration.jpg","datePublished":"2025-05-27T11:12:23+00:00","dateModified":"2025-05-27T11:14:44+00:00","author":{"@id":"https:\/\/www.vnh.org\/#\/schema\/person\/3fb7b6be4dcb89bd01c58a11cee63826"},"description":"Voulez-vous prendre un compl\u00e9ment alimentaire de concentration ? Dans cet article, d\u00e9couvrez ses bienfaits et des conseils d'utilisation.","breadcrumb":{"@id":"https:\/\/www.vnh.org\/indexphp\/complement-alimentaire-concentration-bienfaits-conseils#breadcrumb"},"inLanguage":"fr-FR","potentialAction":[{"@type":"ReadAction","target":["https:\/\/www.vnh.org\/indexphp\/complement-alimentaire-concentration-bienfaits-conseils"]}]},{"@type":"ImageObject","inLanguage":"fr-FR","@id":"https:\/\/www.vnh.org\/indexphp\/complement-alimentaire-concentration-bienfaits-conseils#primaryimage","url":"https:\/\/www.vnh.org\/wp-content\/uploads\/2025\/05\/Complement-alimentaire-pour-la-concentration.jpg","contentUrl":"https:\/\/www.vnh.org\/wp-content\/uploads\/2025\/05\/Complement-alimentaire-pour-la-concentration.jpg","width":500,"height":333,"caption":"Compl\u00e9ment alimentaire pour la concentration"},{"@type":"BreadcrumbList","@id":"https:\/\/www.vnh.org\/indexphp\/complement-alimentaire-concentration-bienfaits-conseils#breadcrumb","itemListElement":[{"@type":"ListItem","position":1,"name":"Accueil","item":"https:\/\/www.vnh.org\/"},{"@type":"ListItem","position":2,"name":"Compl\u00e9ment alimentaire pour la concentration : bienfaits et conseils"}]},{"@type":"WebSite","@id":"https:\/\/www.vnh.org\/#website","url":"https:\/\/www.vnh.org\/","name":"https:\/\/www.vnh.org\/","description":"","potentialAction":[{"@type":"SearchAction","target":{"@type":"EntryPoint","urlTemplate":"https:\/\/www.vnh.org\/?s={search_term_string}"},"query-input":{"@type":"PropertyValueSpecification","valueRequired":true,"valueName":"search_term_string"}}],"inLanguage":"fr-FR"},{"@type":"Person","@id":"https:\/\/www.vnh.org\/#\/schema\/person\/3fb7b6be4dcb89bd01c58a11cee63826","name":"EMI","image":{"@type":"ImageObject","inLanguage":"fr-FR","@id":"https:\/\/secure.gravatar.com\/avatar\/81dccff5d252798c86b0c7b92823ef0bb1895c8983e946dca77016649bae9698?s=96&d=mm&r=g","url":"https:\/\/secure.gravatar.com\/avatar\/81dccff5d252798c86b0c7b92823ef0bb1895c8983e946dca77016649bae9698?s=96&d=mm&r=g","contentUrl":"https:\/\/secure.gravatar.com\/avatar\/81dccff5d252798c86b0c7b92823ef0bb1895c8983e946dca77016649bae9698?s=96&d=mm&r=g","caption":"EMI"},"url":"https:\/\/www.vnh.org\/index.php\/blog\/entry\/author\/emi"}]}},"_links":{"self":[{"href":"https:\/\/www.vnh.org\/index.php\/wp-json\/wp\/v2\/posts\/7119","targetHints":{"allow":["GET"]}}],"collection":[{"href":"https:\/\/www.vnh.org\/index.php\/wp-json\/wp\/v2\/posts"}],"about":[{"href":"https:\/\/www.vnh.org\/index.php\/wp-json\/wp\/v2\/types\/post"}],"author":[{"embeddable":true,"href":"https:\/\/www.vnh.org\/index.php\/wp-json\/wp\/v2\/users\/3"}],"replies":[{"embeddable":true,"href":"https:\/\/www.vnh.org\/index.php\/wp-json\/wp\/v2\/comments?post=7119"}],"version-history":[{"count":1,"href":"https:\/\/www.vnh.org\/index.php\/wp-json\/wp\/v2\/posts\/7119\/revisions"}],"predecessor-version":[{"id":7121,"href":"https:\/\/www.vnh.org\/index.php\/wp-json\/wp\/v2\/posts\/7119\/revisions\/7121"}],"wp:featuredmedia":[{"embeddable":true,"href":"https:\/\/www.vnh.org\/index.php\/wp-json\/wp\/v2\/media\/7122"}],"wp:attachment":[{"href":"https:\/\/www.vnh.org\/index.php\/wp-json\/wp\/v2\/media?parent=7119"}],"wp:term":[{"taxonomy":"category","embeddable":true,"href":"https:\/\/www.vnh.org\/index.php\/wp-json\/wp\/v2\/categories?post=7119"},{"taxonomy":"post_tag","embeddable":true,"href":"https:\/\/www.vnh.org\/index.php\/wp-json\/wp\/v2\/tags?post=7119"}],"curies":[{"name":"wp","href":"https:\/\/api.w.org\/{rel}","templated":true}]}}