{"id":7099,"date":"2025-05-12T13:30:06","date_gmt":"2025-05-12T11:30:06","guid":{"rendered":"https:\/\/www.vnh.org\/?p=7099"},"modified":"2025-05-12T13:33:47","modified_gmt":"2025-05-12T11:33:47","slug":"le-recours-a-la-gestalt-therapie","status":"publish","type":"post","link":"https:\/\/www.vnh.org\/indexphp\/le-recours-a-la-gestalt-therapie","title":{"rendered":"Le recours \u00e0 la Gestalt-th\u00e9rapie"},"content":{"rendered":"\n<p>La Gestalt-th\u00e9rapie est le nom d\u2019un type de th\u00e9rapie par la parole qui peut \u00eatre utilis\u00e9 dans le traitement de certains probl\u00e8mes de sant\u00e9 mentale.<\/p>\n\n\n\n<p>L&#8217;objectif principal de la Gestalt-th\u00e9rapie est de se concentrer sur le pr\u00e9sent. Elle s&#8217;int\u00e9resse aux \u00e9motions ressenties par les \u00e9v\u00e9nements de la vie pr\u00e9sente, plut\u00f4t qu&#8217;\u00e0 l&#8217;impact du pass\u00e9. La conscience de soi est un \u00e9l\u00e9ment essentiel de la Gestalt-th\u00e9rapie.<\/p>\n\n\n\n<h2 class=\"wp-block-heading\">Comment fonctionne la Gestalt-th\u00e9rapie ?<\/h2>\n\n\n\n<p>La Gestalt-th\u00e9rapie a \u00e9t\u00e9 d\u00e9velopp\u00e9e par Fritz et Laura Perls, \u00e9poux de psychiatre et de psychoth\u00e9rapeute. Son nom vient d&#8217;Allemagne, o\u00f9 il signifie \u00ab assembler \u00bb ou \u00ab entier \u00bb.<\/p>\n\n\n\n<p>Elle part du principe que <strong>les \u00e9motions n\u00e9gatives jamais trait\u00e9es doivent \u00eatre abord\u00e9es avec une perspective actuelle<\/strong>. Cette forme de th\u00e9rapie repose sur l&#8217;id\u00e9e que l&#8217;esprit, le corps et l&#8217;\u00e2me d&#8217;un individu ne font qu&#8217;un et sont interconnect\u00e9s en permanence.<\/p>\n\n\n\n<p>L\u2019approche de la Gestalt-th\u00e9rapie rejette l\u2019id\u00e9e qu\u2019un \u00e9pisode, <strong>un diagnostic d\u2019\u00e9tat ou un traumatisme puisse d\u00e9finir une personne et son bien-\u00eatre mental<\/strong>.<\/p>\n\n\n\n<p>Il convient plut\u00f4t d&#8217;examiner la personne dans son ensemble et d&#8217;en discuter en d\u00e9tail. Le patient est encourag\u00e9 \u00e0 prendre davantage conscience de lui-m\u00eame et <strong>\u00e0 prendre conscience de l&#8217;impact qu&#8217;il est capable d&#8217;avoir sur lui-m\u00eame.<\/strong><\/p>\n\n\n\n<p>Parfois, la th\u00e9rapie Gestalt inclura des jeux de r\u00f4le, des dessins et d\u2019autres activit\u00e9s dans le but de devenir plus conscient de la fa\u00e7on dont ils agissent.<\/p>\n\n\n\n<p>La th\u00e9rapeute GESTALT Anastasiya&nbsp;Gilbert propose une assistance aux adolescents. Son r\u00f4le consiste surtout \u00e0 les aider \u00e0 g\u00e9rer leurs \u00e9motions \u00e0 travers la Gestalt-th\u00e9rapie. Anastasiya&nbsp;Gilbert offre <strong>une approche personnalis\u00e9e aux adolescents souffrant de troubles li\u00e9s au stress<\/strong>.<\/p>\n\n\n\n<p>La s\u00e9ance Gestalt-th\u00e9rapie avec Anastasiya\u00a0Gilbert peut se faire \u00e0 distance ou bien dans son cabinet qui se trouve au 18 rue Hoche 91330 Yerres. Si vous voulez avoir un rendez-vous, cliquez sur <a href=\"https:\/\/therapie-gestalt-bordeaux-anastasiya.fr\/gestalt-pour-adolescents\/\">therapie-gestalt-bordeaux-anastasiya.fr\/gestalt-pour-adolescents<\/a> ou appelez au 0634562020.<\/p>\n\n\n\n<h2 class=\"wp-block-heading\">Quand la Gestalt-th\u00e9rapie est-elle utile ?<\/h2>\n\n\n\n<p>La Gestalt-th\u00e9rapie peut \u00eatre tr\u00e8s utile pour des troubles comme la d\u00e9pression et l&#8217;anxi\u00e9t\u00e9. Bas\u00e9e sur la conscience de soi, elle peut \u00eatre b\u00e9n\u00e9fique \u00e0 toute personne souffrant de <strong>troubles de l&#8217;estime de soi ou d&#8217;un manque de confiance en soi<\/strong>.<\/p>\n\n\n\n<p>Toute personne inconsciente de l&#8217;impact de son propre comportement pourrait \u00e9galement b\u00e9n\u00e9ficier de la Gestalt-th\u00e9rapie. Par cons\u00e9quent, la Gestalt-th\u00e9rapie pourrait potentiellement \u00eatre <strong>utilis\u00e9e dans le traitement de certains troubles de la personnalit\u00e9<\/strong>.<\/p>\n\n\n\n<p>Par ailleurs, toute personne ayant des probl\u00e8mes relationnels ou des difficult\u00e9s \u00e0 bien s\u2019entendre avec les autres pourrait \u00e9galement b\u00e9n\u00e9ficier de la th\u00e9rapie Gestalt.<\/p>\n\n\n\n<h2 class=\"wp-block-heading\">Avantages de la Gestalt-th\u00e9rapie<\/h2>\n\n\n\n<p>La Gestalt-th\u00e9rapie pr\u00e9sente quelques avantages :<\/p>\n\n\n\n<ul class=\"wp-block-list\">\n<li><strong>La Gestalt-th\u00e9rapie peut apporter des changements assez rapidement<\/strong>. Les techniques enseign\u00e9es peuvent g\u00e9n\u00e9ralement \u00eatre rapidement mises en \u0153uvre dans la vie du patient.<\/li>\n\n\n\n<li><strong>Elle est utile pour pr\u00e9venir les rechutes.<\/strong> Si une personne vit une exp\u00e9rience difficile \u00e0 l&#8217;avenir, elle devrait pouvoir \u00e9viter une rechute en utilisant les comp\u00e9tences acquises en Gestalt-th\u00e9rapie.<\/li>\n\n\n\n<li><strong>La Gestalt-th\u00e9rapie am\u00e9liore g\u00e9n\u00e9ralement les relations avec les autres<\/strong>. Cela peut se traduire par des am\u00e9liorations dans de nombreux domaines de la vie et devrait am\u00e9liorer le bien-\u00eatre mental.<\/li>\n<\/ul>\n\n\n\n<h2 class=\"wp-block-heading\">Inconv\u00e9nients de la Gestalt-th\u00e9rapie<\/h2>\n\n\n\n<p>La Gestalt-th\u00e9rapie pr\u00e9sente quelques inconv\u00e9nients :<\/p>\n\n\n\n<ul class=\"wp-block-list\">\n<li>Si un patient estime qu&#8217;un seul \u00e9v\u00e9nement a eu un impact important sur lui, la Gestalt-th\u00e9rapie pourrait ne pas lui convenir. En effet, son approche sugg\u00e8re qu&#8217;<strong>un seul \u00e9v\u00e9nement ne peut pas avoir un impact total sur une personne<\/strong>.<\/li>\n\n\n\n<li>De par sa conception, la Gestalt-th\u00e9rapie est tr\u00e8s peu structur\u00e9e, avec<strong> des s\u00e9ances qui peuvent facilement d\u00e9vier du cadre habituel<\/strong>. Si le patient appr\u00e9cie la structure, la Gestalt-th\u00e9rapie est loin d&#8217;\u00eatre adapt\u00e9e !<\/li>\n\n\n\n<li>Se concentrer sur le pr\u00e9sent peut signifier que les \u00e9v\u00e9nements pass\u00e9s sont largement ignor\u00e9s. Si le patient estime que <strong>le pass\u00e9 doit \u00eatre davantage \u00e9voqu\u00e9<\/strong>, un autre type de th\u00e9rapie peut s&#8217;av\u00e9rer plus judicieux.<\/li>\n<\/ul>\n\n\n\n<p><\/p>\n","protected":false},"excerpt":{"rendered":"<p>La Gestalt-th\u00e9rapie est le nom d\u2019un type de th\u00e9rapie par la parole qui peut \u00eatre utilis\u00e9 dans le traitement de certains probl\u00e8mes de sant\u00e9 mentale. L&#8217;objectif principal de la Gestalt-th\u00e9rapie est de se concentrer sur le pr\u00e9sent. Elle s&#8217;int\u00e9resse aux \u00e9motions ressenties par les \u00e9v\u00e9nements de la vie pr\u00e9sente, plut\u00f4t qu&#8217;\u00e0 l&#8217;impact du pass\u00e9. La&#8230;<\/p>\n","protected":false},"author":4,"featured_media":7100,"comment_status":"closed","ping_status":"closed","sticky":false,"template":"","format":"standard","meta":{"footnotes":""},"categories":[1],"tags":[],"class_list":["post-7099","post","type-post","status-publish","format-standard","has-post-thumbnail","hentry","category-news","vs-blog blog-single"],"yoast_head":"<!-- This site is optimized with the Yoast SEO plugin v27.4 - https:\/\/yoast.com\/product\/yoast-seo-wordpress\/ -->\n<title>Gestalt-th\u00e9rapie : les informations \u00e0 savoir<\/title>\n<meta name=\"robots\" content=\"index, follow, max-snippet:-1, max-image-preview:large, max-video-preview:-1\" \/>\n<link rel=\"canonical\" href=\"https:\/\/www.vnh.org\/indexphp\/le-recours-a-la-gestalt-therapie\" \/>\n<meta property=\"og:locale\" content=\"fr_FR\" \/>\n<meta property=\"og:type\" content=\"article\" \/>\n<meta property=\"og:title\" content=\"Gestalt-th\u00e9rapie : les informations \u00e0 savoir\" \/>\n<meta property=\"og:description\" content=\"La Gestalt-th\u00e9rapie est le nom d\u2019un type de th\u00e9rapie par la parole qui peut \u00eatre utilis\u00e9 dans le traitement de certains probl\u00e8mes de sant\u00e9 mentale. L&#8217;objectif principal de la Gestalt-th\u00e9rapie est de se concentrer sur le pr\u00e9sent. Elle s&#8217;int\u00e9resse aux \u00e9motions ressenties par les \u00e9v\u00e9nements de la vie pr\u00e9sente, plut\u00f4t qu&#8217;\u00e0 l&#8217;impact du pass\u00e9. La...\" \/>\n<meta property=\"og:url\" content=\"https:\/\/www.vnh.org\/indexphp\/le-recours-a-la-gestalt-therapie\" \/>\n<meta property=\"og:site_name\" content=\"https:\/\/www.vnh.org\/\" \/>\n<meta property=\"article:published_time\" content=\"2025-05-12T11:30:06+00:00\" \/>\n<meta property=\"article:modified_time\" content=\"2025-05-12T11:33:47+00:00\" \/>\n<meta property=\"og:image\" content=\"https:\/\/www.vnh.org\/wp-content\/uploads\/2025\/05\/le-gestalt-therapie.jpg\" \/>\n\t<meta property=\"og:image:width\" content=\"500\" \/>\n\t<meta property=\"og:image:height\" content=\"333\" \/>\n\t<meta property=\"og:image:type\" content=\"image\/jpeg\" \/>\n<meta name=\"author\" content=\"habitat\" \/>\n<meta name=\"twitter:card\" content=\"summary_large_image\" \/>\n<meta name=\"twitter:label1\" content=\"\u00c9crit par\" \/>\n\t<meta name=\"twitter:data1\" content=\"habitat\" \/>\n\t<meta name=\"twitter:label2\" content=\"Dur\u00e9e de lecture estim\u00e9e\" \/>\n\t<meta name=\"twitter:data2\" content=\"4 minutes\" \/>\n<script type=\"application\/ld+json\" class=\"yoast-schema-graph\">{\"@context\":\"https:\\\/\\\/schema.org\",\"@graph\":[{\"@type\":\"Article\",\"@id\":\"https:\\\/\\\/www.vnh.org\\\/indexphp\\\/le-recours-a-la-gestalt-therapie#article\",\"isPartOf\":{\"@id\":\"https:\\\/\\\/www.vnh.org\\\/indexphp\\\/le-recours-a-la-gestalt-therapie\"},\"author\":{\"name\":\"habitat\",\"@id\":\"https:\\\/\\\/www.vnh.org\\\/#\\\/schema\\\/person\\\/53805ef43a86e58581d1a07c118091aa\"},\"headline\":\"Le recours \u00e0 la Gestalt-th\u00e9rapie\",\"datePublished\":\"2025-05-12T11:30:06+00:00\",\"dateModified\":\"2025-05-12T11:33:47+00:00\",\"mainEntityOfPage\":{\"@id\":\"https:\\\/\\\/www.vnh.org\\\/indexphp\\\/le-recours-a-la-gestalt-therapie\"},\"wordCount\":732,\"image\":{\"@id\":\"https:\\\/\\\/www.vnh.org\\\/indexphp\\\/le-recours-a-la-gestalt-therapie#primaryimage\"},\"thumbnailUrl\":\"https:\\\/\\\/www.vnh.org\\\/wp-content\\\/uploads\\\/2025\\\/05\\\/le-gestalt-therapie.jpg\",\"articleSection\":[\"News\"],\"inLanguage\":\"fr-FR\"},{\"@type\":\"WebPage\",\"@id\":\"https:\\\/\\\/www.vnh.org\\\/indexphp\\\/le-recours-a-la-gestalt-therapie\",\"url\":\"https:\\\/\\\/www.vnh.org\\\/indexphp\\\/le-recours-a-la-gestalt-therapie\",\"name\":\"Gestalt-th\u00e9rapie : les informations \u00e0 savoir\",\"isPartOf\":{\"@id\":\"https:\\\/\\\/www.vnh.org\\\/#website\"},\"primaryImageOfPage\":{\"@id\":\"https:\\\/\\\/www.vnh.org\\\/indexphp\\\/le-recours-a-la-gestalt-therapie#primaryimage\"},\"image\":{\"@id\":\"https:\\\/\\\/www.vnh.org\\\/indexphp\\\/le-recours-a-la-gestalt-therapie#primaryimage\"},\"thumbnailUrl\":\"https:\\\/\\\/www.vnh.org\\\/wp-content\\\/uploads\\\/2025\\\/05\\\/le-gestalt-therapie.jpg\",\"datePublished\":\"2025-05-12T11:30:06+00:00\",\"dateModified\":\"2025-05-12T11:33:47+00:00\",\"author\":{\"@id\":\"https:\\\/\\\/www.vnh.org\\\/#\\\/schema\\\/person\\\/53805ef43a86e58581d1a07c118091aa\"},\"breadcrumb\":{\"@id\":\"https:\\\/\\\/www.vnh.org\\\/indexphp\\\/le-recours-a-la-gestalt-therapie#breadcrumb\"},\"inLanguage\":\"fr-FR\",\"potentialAction\":[{\"@type\":\"ReadAction\",\"target\":[\"https:\\\/\\\/www.vnh.org\\\/indexphp\\\/le-recours-a-la-gestalt-therapie\"]}]},{\"@type\":\"ImageObject\",\"inLanguage\":\"fr-FR\",\"@id\":\"https:\\\/\\\/www.vnh.org\\\/indexphp\\\/le-recours-a-la-gestalt-therapie#primaryimage\",\"url\":\"https:\\\/\\\/www.vnh.org\\\/wp-content\\\/uploads\\\/2025\\\/05\\\/le-gestalt-therapie.jpg\",\"contentUrl\":\"https:\\\/\\\/www.vnh.org\\\/wp-content\\\/uploads\\\/2025\\\/05\\\/le-gestalt-therapie.jpg\",\"width\":500,\"height\":333,\"caption\":\"gestalt-th\u00e9rapie\"},{\"@type\":\"BreadcrumbList\",\"@id\":\"https:\\\/\\\/www.vnh.org\\\/indexphp\\\/le-recours-a-la-gestalt-therapie#breadcrumb\",\"itemListElement\":[{\"@type\":\"ListItem\",\"position\":1,\"name\":\"Accueil\",\"item\":\"https:\\\/\\\/www.vnh.org\\\/\"},{\"@type\":\"ListItem\",\"position\":2,\"name\":\"Le recours \u00e0 la Gestalt-th\u00e9rapie\"}]},{\"@type\":\"WebSite\",\"@id\":\"https:\\\/\\\/www.vnh.org\\\/#website\",\"url\":\"https:\\\/\\\/www.vnh.org\\\/\",\"name\":\"https:\\\/\\\/www.vnh.org\\\/\",\"description\":\"\",\"potentialAction\":[{\"@type\":\"SearchAction\",\"target\":{\"@type\":\"EntryPoint\",\"urlTemplate\":\"https:\\\/\\\/www.vnh.org\\\/?s={search_term_string}\"},\"query-input\":{\"@type\":\"PropertyValueSpecification\",\"valueRequired\":true,\"valueName\":\"search_term_string\"}}],\"inLanguage\":\"fr-FR\"},{\"@type\":\"Person\",\"@id\":\"https:\\\/\\\/www.vnh.org\\\/#\\\/schema\\\/person\\\/53805ef43a86e58581d1a07c118091aa\",\"name\":\"habitat\",\"image\":{\"@type\":\"ImageObject\",\"inLanguage\":\"fr-FR\",\"@id\":\"https:\\\/\\\/secure.gravatar.com\\\/avatar\\\/0af7b9558cdd74fbbbd7114862083cdbd1c11fbbae6ab1e277bf26caccf1c0b5?s=96&d=mm&r=g\",\"url\":\"https:\\\/\\\/secure.gravatar.com\\\/avatar\\\/0af7b9558cdd74fbbbd7114862083cdbd1c11fbbae6ab1e277bf26caccf1c0b5?s=96&d=mm&r=g\",\"contentUrl\":\"https:\\\/\\\/secure.gravatar.com\\\/avatar\\\/0af7b9558cdd74fbbbd7114862083cdbd1c11fbbae6ab1e277bf26caccf1c0b5?s=96&d=mm&r=g\",\"caption\":\"habitat\"},\"url\":\"https:\\\/\\\/www.vnh.org\\\/index.php\\\/blog\\\/entry\\\/author\\\/habitat\"}]}<\/script>\n<!-- \/ Yoast SEO plugin. -->","yoast_head_json":{"title":"Gestalt-th\u00e9rapie : les informations \u00e0 savoir","robots":{"index":"index","follow":"follow","max-snippet":"max-snippet:-1","max-image-preview":"max-image-preview:large","max-video-preview":"max-video-preview:-1"},"canonical":"https:\/\/www.vnh.org\/indexphp\/le-recours-a-la-gestalt-therapie","og_locale":"fr_FR","og_type":"article","og_title":"Gestalt-th\u00e9rapie : les informations \u00e0 savoir","og_description":"La Gestalt-th\u00e9rapie est le nom d\u2019un type de th\u00e9rapie par la parole qui peut \u00eatre utilis\u00e9 dans le traitement de certains probl\u00e8mes de sant\u00e9 mentale. L&#8217;objectif principal de la Gestalt-th\u00e9rapie est de se concentrer sur le pr\u00e9sent. Elle s&#8217;int\u00e9resse aux \u00e9motions ressenties par les \u00e9v\u00e9nements de la vie pr\u00e9sente, plut\u00f4t qu&#8217;\u00e0 l&#8217;impact du pass\u00e9. La...","og_url":"https:\/\/www.vnh.org\/indexphp\/le-recours-a-la-gestalt-therapie","og_site_name":"https:\/\/www.vnh.org\/","article_published_time":"2025-05-12T11:30:06+00:00","article_modified_time":"2025-05-12T11:33:47+00:00","og_image":[{"width":500,"height":333,"url":"https:\/\/www.vnh.org\/wp-content\/uploads\/2025\/05\/le-gestalt-therapie.jpg","type":"image\/jpeg"}],"author":"habitat","twitter_card":"summary_large_image","twitter_misc":{"\u00c9crit par":"habitat","Dur\u00e9e de lecture estim\u00e9e":"4 minutes"},"schema":{"@context":"https:\/\/schema.org","@graph":[{"@type":"Article","@id":"https:\/\/www.vnh.org\/indexphp\/le-recours-a-la-gestalt-therapie#article","isPartOf":{"@id":"https:\/\/www.vnh.org\/indexphp\/le-recours-a-la-gestalt-therapie"},"author":{"name":"habitat","@id":"https:\/\/www.vnh.org\/#\/schema\/person\/53805ef43a86e58581d1a07c118091aa"},"headline":"Le recours \u00e0 la Gestalt-th\u00e9rapie","datePublished":"2025-05-12T11:30:06+00:00","dateModified":"2025-05-12T11:33:47+00:00","mainEntityOfPage":{"@id":"https:\/\/www.vnh.org\/indexphp\/le-recours-a-la-gestalt-therapie"},"wordCount":732,"image":{"@id":"https:\/\/www.vnh.org\/indexphp\/le-recours-a-la-gestalt-therapie#primaryimage"},"thumbnailUrl":"https:\/\/www.vnh.org\/wp-content\/uploads\/2025\/05\/le-gestalt-therapie.jpg","articleSection":["News"],"inLanguage":"fr-FR"},{"@type":"WebPage","@id":"https:\/\/www.vnh.org\/indexphp\/le-recours-a-la-gestalt-therapie","url":"https:\/\/www.vnh.org\/indexphp\/le-recours-a-la-gestalt-therapie","name":"Gestalt-th\u00e9rapie : les informations \u00e0 savoir","isPartOf":{"@id":"https:\/\/www.vnh.org\/#website"},"primaryImageOfPage":{"@id":"https:\/\/www.vnh.org\/indexphp\/le-recours-a-la-gestalt-therapie#primaryimage"},"image":{"@id":"https:\/\/www.vnh.org\/indexphp\/le-recours-a-la-gestalt-therapie#primaryimage"},"thumbnailUrl":"https:\/\/www.vnh.org\/wp-content\/uploads\/2025\/05\/le-gestalt-therapie.jpg","datePublished":"2025-05-12T11:30:06+00:00","dateModified":"2025-05-12T11:33:47+00:00","author":{"@id":"https:\/\/www.vnh.org\/#\/schema\/person\/53805ef43a86e58581d1a07c118091aa"},"breadcrumb":{"@id":"https:\/\/www.vnh.org\/indexphp\/le-recours-a-la-gestalt-therapie#breadcrumb"},"inLanguage":"fr-FR","potentialAction":[{"@type":"ReadAction","target":["https:\/\/www.vnh.org\/indexphp\/le-recours-a-la-gestalt-therapie"]}]},{"@type":"ImageObject","inLanguage":"fr-FR","@id":"https:\/\/www.vnh.org\/indexphp\/le-recours-a-la-gestalt-therapie#primaryimage","url":"https:\/\/www.vnh.org\/wp-content\/uploads\/2025\/05\/le-gestalt-therapie.jpg","contentUrl":"https:\/\/www.vnh.org\/wp-content\/uploads\/2025\/05\/le-gestalt-therapie.jpg","width":500,"height":333,"caption":"gestalt-th\u00e9rapie"},{"@type":"BreadcrumbList","@id":"https:\/\/www.vnh.org\/indexphp\/le-recours-a-la-gestalt-therapie#breadcrumb","itemListElement":[{"@type":"ListItem","position":1,"name":"Accueil","item":"https:\/\/www.vnh.org\/"},{"@type":"ListItem","position":2,"name":"Le recours \u00e0 la Gestalt-th\u00e9rapie"}]},{"@type":"WebSite","@id":"https:\/\/www.vnh.org\/#website","url":"https:\/\/www.vnh.org\/","name":"https:\/\/www.vnh.org\/","description":"","potentialAction":[{"@type":"SearchAction","target":{"@type":"EntryPoint","urlTemplate":"https:\/\/www.vnh.org\/?s={search_term_string}"},"query-input":{"@type":"PropertyValueSpecification","valueRequired":true,"valueName":"search_term_string"}}],"inLanguage":"fr-FR"},{"@type":"Person","@id":"https:\/\/www.vnh.org\/#\/schema\/person\/53805ef43a86e58581d1a07c118091aa","name":"habitat","image":{"@type":"ImageObject","inLanguage":"fr-FR","@id":"https:\/\/secure.gravatar.com\/avatar\/0af7b9558cdd74fbbbd7114862083cdbd1c11fbbae6ab1e277bf26caccf1c0b5?s=96&d=mm&r=g","url":"https:\/\/secure.gravatar.com\/avatar\/0af7b9558cdd74fbbbd7114862083cdbd1c11fbbae6ab1e277bf26caccf1c0b5?s=96&d=mm&r=g","contentUrl":"https:\/\/secure.gravatar.com\/avatar\/0af7b9558cdd74fbbbd7114862083cdbd1c11fbbae6ab1e277bf26caccf1c0b5?s=96&d=mm&r=g","caption":"habitat"},"url":"https:\/\/www.vnh.org\/index.php\/blog\/entry\/author\/habitat"}]}},"_links":{"self":[{"href":"https:\/\/www.vnh.org\/index.php\/wp-json\/wp\/v2\/posts\/7099","targetHints":{"allow":["GET"]}}],"collection":[{"href":"https:\/\/www.vnh.org\/index.php\/wp-json\/wp\/v2\/posts"}],"about":[{"href":"https:\/\/www.vnh.org\/index.php\/wp-json\/wp\/v2\/types\/post"}],"author":[{"embeddable":true,"href":"https:\/\/www.vnh.org\/index.php\/wp-json\/wp\/v2\/users\/4"}],"replies":[{"embeddable":true,"href":"https:\/\/www.vnh.org\/index.php\/wp-json\/wp\/v2\/comments?post=7099"}],"version-history":[{"count":2,"href":"https:\/\/www.vnh.org\/index.php\/wp-json\/wp\/v2\/posts\/7099\/revisions"}],"predecessor-version":[{"id":7102,"href":"https:\/\/www.vnh.org\/index.php\/wp-json\/wp\/v2\/posts\/7099\/revisions\/7102"}],"wp:featuredmedia":[{"embeddable":true,"href":"https:\/\/www.vnh.org\/index.php\/wp-json\/wp\/v2\/media\/7100"}],"wp:attachment":[{"href":"https:\/\/www.vnh.org\/index.php\/wp-json\/wp\/v2\/media?parent=7099"}],"wp:term":[{"taxonomy":"category","embeddable":true,"href":"https:\/\/www.vnh.org\/index.php\/wp-json\/wp\/v2\/categories?post=7099"},{"taxonomy":"post_tag","embeddable":true,"href":"https:\/\/www.vnh.org\/index.php\/wp-json\/wp\/v2\/tags?post=7099"}],"curies":[{"name":"wp","href":"https:\/\/api.w.org\/{rel}","templated":true}]}}