{"id":7084,"date":"2025-04-26T10:18:00","date_gmt":"2025-04-26T08:18:00","guid":{"rendered":"https:\/\/www.vnh.org\/?p=7084"},"modified":"2025-04-26T10:18:05","modified_gmt":"2025-04-26T08:18:05","slug":"le-travail-dun-audioprothesiste","status":"publish","type":"post","link":"https:\/\/www.vnh.org\/indexphp\/le-travail-dun-audioprothesiste","title":{"rendered":"Le travail d\u2019un audioproth\u00e9siste"},"content":{"rendered":"\n<p>On peut d\u00e9finir l\u2019audioproth\u00e9siste comme un professionnel de sant\u00e9 titulaire d\u2019un dipl\u00f4me sup\u00e9rieur en audiologie proth\u00e9tique. C\u2019est le principal <strong>responsable de l\u2019adaptation personnalis\u00e9e de l\u2019aide auditive pour chaque patient<\/strong>, en fonction de son probl\u00e8me d\u2019audition. Il effectue plusieurs t\u00e2ches qui requi\u00e8rent un haut niveau de sp\u00e9cialisation. C\u2019est donc important de choisir le bon centre auditif et le bon professionnel pour effectuer ce travail. Mais quelles sont exactement les fonctions de l\u2019audioproth\u00e9siste\u2009?<\/p>\n\n\n\n<h2 class=\"wp-block-heading\">Que fait l\u2019audioproth\u00e9siste\u2009?<\/h2>\n\n\n\n<p>L\u2019audioproth\u00e9siste sera l\u2019une des premi\u00e8res personnes que vous rencontrerez apr\u00e8s avoir re\u00e7u le diagnostic de surdit\u00e9 de votre fille ou de votre fils. Nous allons r\u00e9pondre \u00e0 quelques questions sur cet audioproth\u00e9siste afin que vous puissiez bien le conna\u00eetre.<\/p>\n\n\n\n<h3 class=\"wp-block-heading\">Qui est l\u2019audioproth\u00e9siste\u2009?<\/h3>\n\n\n\n<p>C\u2019est un professionnel charg\u00e9 de <strong>s\u00e9lectionner et d\u2019adapter les aides auditives <\/strong>et de <strong>proc\u00e9der \u00e0 l\u2019\u00e9valuation audiologique<\/strong>.<\/p>\n\n\n\n<h3 class=\"wp-block-heading\">En quoi consiste la r\u00e9\u00e9ducation auditive\u2009?<\/h3>\n\n\n\n<p>C\u2019est indispensable que r\u00e9habilitation auditive <strong>corresponde aux besoins de chaque individu<\/strong>. C\u2019est pourquoi l\u2019audiologiste proc\u00e8de \u00e0 une \u00e9tude compl\u00e8te du patient et effectue les tests auditifs pertinents pour \u00e9valuer les besoins sp\u00e9cifiques et l\u2019aide auditive la plus adapt\u00e9e.<\/p>\n\n\n\n<h3 class=\"wp-block-heading\">Que fait-il\u2009?<\/h3>\n\n\n\n<p>Outre le choix et l\u2019adaptation des aides auditives, il <strong>assure le suivi de l\u2019utilisateur<\/strong> et <strong>l\u2019entretien des aides auditives<\/strong>. C\u2019est important de noter qu\u2019il ne r\u00e9alise pas de diagnostic, cette t\u00e2che revient au m\u00e9decin ORL.<\/p>\n\n\n\n<h3 class=\"wp-block-heading\">O\u00f9 puis-je trouver un audioproth\u00e9siste\u2009?<\/h3>\n\n\n\n<p>Ce professionnel travaille dans le secteur de la sant\u00e9 publique et priv\u00e9e, dans les entreprises priv\u00e9es du secteur, chez les audioproth\u00e9sistes et dans la pr\u00e9vention des effets du bruit ambiant. Si vous cherchez un <a href=\"https:\/\/www.audition-surdite-des-isles.fr\/audioprothesiste-tourlaville\/\">audioproth\u00e9siste \u00e0 Cherbourg<\/a>, vous pouvez vous tourner vers le centre Audition Surdit\u00e9 des Isles. Il propose aux patients de tous \u00e2ges <strong>des services personnalis\u00e9s<\/strong> ainsi que <strong>des solutions auditives adapt\u00e9es \u00e0 chacun<\/strong>. Dans ce cadre, il r\u00e9alise un test auditif gratuit afin d\u2019identifier avec pr\u00e9cision les niveaux et les caract\u00e9ristiques de l\u2019audition de chaque personne. Cela permet au sp\u00e9cialiste de proposer la meilleure solution pour chacun. Sans oublier que vous pouvez <strong>essayer gratuitement votre appareil auditif durant un mois<\/strong>. De cette fa\u00e7on, vous allez pouvoir v\u00e9rifier le confort offert par l\u2019appareil ainsi que son efficacit\u00e9 dans les conditions r\u00e9elles. Pour prendre rendez-vous, passez au cabinet qui est implant\u00e9 au 35 rue du G\u00e9n\u00e9ral Leclerc, 50110 Cherbourg-en-Cotentin.<\/p>\n\n\n\n<h2 class=\"wp-block-heading\">Les principales fonctions de ce professionnel<\/h2>\n\n\n\n<ul class=\"wp-block-list\">\n<li><strong>Tests d\u2019\u00e9valuation<\/strong>\u00a0: effectuer des tests auditifs tels que l\u2019audiom\u00e9trie pour d\u00e9terminer le type et le degr\u00e9 de la perte auditive d\u2019une personne et d\u00e9terminer si les aides auditives sont une solution appropri\u00e9e.<\/li>\n\n\n\n<li><strong>S\u00e9lection des appareils auditifs<\/strong>\u00a0: recommander le type d\u2019aide auditive ou d\u2019appareil auditif le plus appropri\u00e9 aux besoins sp\u00e9cifiques de chaque patient, en tenant compte de facteurs tels que les besoins de communication, le mode de vie et le degr\u00e9 de perte auditive.<\/li>\n\n\n\n<li><strong>Adaptation et programmation<\/strong>\u00a0: adaptation et programmation des aides auditives en fonction des besoins auditifs de chaque patient, \u00e0 l\u2019aide d\u2019un \u00e9quipement sp\u00e9cialis\u00e9 et d\u2019un logiciel de programmation. Le processus d\u2019adaptation peut n\u00e9cessiter plusieurs s\u00e9ances avec le patient.<\/li>\n\n\n\n<li><strong>\u00c9ducation et formation<\/strong>\u00a0: enseigner aux patients comment utiliser, entretenir et soigner leurs appareils auditifs, et leur donner des conseils et des strat\u00e9gies pour am\u00e9liorer la communication dans les situations difficiles.<\/li>\n\n\n\n<li><strong>Suivi et ajustements<\/strong>\u00a0: effectuer des visites de suivi pour \u00e9valuer les progr\u00e8s du patient et apporter des ajustements \u00e0 la programmation et \u00e0 l\u2019adaptation des appareils auditifs, le cas \u00e9ch\u00e9ant.<\/li>\n\n\n\n<li><strong>R\u00e9paration et entretien<\/strong>\u00a0: diagnostiquer et r\u00e9parer les probl\u00e8mes techniques des appareils auditifs ou assurer la coordination avec le fabricant pour obtenir des services et des r\u00e9parations.<\/li>\n\n\n\n<li><strong>Sensibilisation et pr\u00e9vention<\/strong>\u00a0: faire conna\u00eetre l\u2019importance de la sant\u00e9 auditive et la pr\u00e9vention de la perte auditive gr\u00e2ce \u00e0 l\u2019\u00e9ducation.<\/li>\n<\/ul>\n","protected":false},"excerpt":{"rendered":"<p>On peut d\u00e9finir l\u2019audioproth\u00e9siste comme un professionnel de sant\u00e9 titulaire d\u2019un dipl\u00f4me sup\u00e9rieur en audiologie proth\u00e9tique. C\u2019est le principal responsable de l\u2019adaptation personnalis\u00e9e de l\u2019aide auditive pour chaque patient, en fonction de son probl\u00e8me d\u2019audition. Il effectue plusieurs t\u00e2ches qui requi\u00e8rent un haut niveau de sp\u00e9cialisation. C\u2019est donc important de choisir le bon centre auditif&#8230;<\/p>\n","protected":false},"author":4,"featured_media":7085,"comment_status":"closed","ping_status":"closed","sticky":false,"template":"","format":"standard","meta":{"footnotes":""},"categories":[1],"tags":[],"class_list":["post-7084","post","type-post","status-publish","format-standard","has-post-thumbnail","hentry","category-news","vs-blog blog-single"],"yoast_head":"<!-- This site is optimized with the Yoast SEO plugin v27.4 - https:\/\/yoast.com\/product\/yoast-seo-wordpress\/ -->\n<title>Le travail d\u2019un audioproth\u00e9siste<\/title>\n<meta name=\"robots\" content=\"index, follow, max-snippet:-1, max-image-preview:large, max-video-preview:-1\" \/>\n<link rel=\"canonical\" href=\"https:\/\/www.vnh.org\/indexphp\/le-travail-dun-audioprothesiste\" \/>\n<meta property=\"og:locale\" content=\"fr_FR\" \/>\n<meta property=\"og:type\" content=\"article\" \/>\n<meta property=\"og:title\" content=\"Le travail d\u2019un audioproth\u00e9siste\" \/>\n<meta property=\"og:description\" content=\"On peut d\u00e9finir l\u2019audioproth\u00e9siste comme un professionnel de sant\u00e9 titulaire d\u2019un dipl\u00f4me sup\u00e9rieur en audiologie proth\u00e9tique. C\u2019est le principal responsable de l\u2019adaptation personnalis\u00e9e de l\u2019aide auditive pour chaque patient, en fonction de son probl\u00e8me d\u2019audition. Il effectue plusieurs t\u00e2ches qui requi\u00e8rent un haut niveau de sp\u00e9cialisation. C\u2019est donc important de choisir le bon centre auditif...\" \/>\n<meta property=\"og:url\" content=\"https:\/\/www.vnh.org\/indexphp\/le-travail-dun-audioprothesiste\" \/>\n<meta property=\"og:site_name\" content=\"https:\/\/www.vnh.org\/\" \/>\n<meta property=\"article:published_time\" content=\"2025-04-26T08:18:00+00:00\" \/>\n<meta property=\"article:modified_time\" content=\"2025-04-26T08:18:05+00:00\" \/>\n<meta property=\"og:image\" content=\"https:\/\/www.vnh.org\/wp-content\/uploads\/2025\/04\/audioprothesiste.jpg\" \/>\n\t<meta property=\"og:image:width\" content=\"500\" \/>\n\t<meta property=\"og:image:height\" content=\"333\" \/>\n\t<meta property=\"og:image:type\" content=\"image\/jpeg\" \/>\n<meta name=\"author\" content=\"habitat\" \/>\n<meta name=\"twitter:card\" content=\"summary_large_image\" \/>\n<meta name=\"twitter:label1\" content=\"\u00c9crit par\" \/>\n\t<meta name=\"twitter:data1\" content=\"habitat\" \/>\n\t<meta name=\"twitter:label2\" content=\"Dur\u00e9e de lecture estim\u00e9e\" \/>\n\t<meta name=\"twitter:data2\" content=\"4 minutes\" \/>\n<script type=\"application\/ld+json\" class=\"yoast-schema-graph\">{\"@context\":\"https:\\\/\\\/schema.org\",\"@graph\":[{\"@type\":\"Article\",\"@id\":\"https:\\\/\\\/www.vnh.org\\\/indexphp\\\/le-travail-dun-audioprothesiste#article\",\"isPartOf\":{\"@id\":\"https:\\\/\\\/www.vnh.org\\\/indexphp\\\/le-travail-dun-audioprothesiste\"},\"author\":{\"name\":\"habitat\",\"@id\":\"https:\\\/\\\/www.vnh.org\\\/#\\\/schema\\\/person\\\/53805ef43a86e58581d1a07c118091aa\"},\"headline\":\"Le travail d\u2019un audioproth\u00e9siste\",\"datePublished\":\"2025-04-26T08:18:00+00:00\",\"dateModified\":\"2025-04-26T08:18:05+00:00\",\"mainEntityOfPage\":{\"@id\":\"https:\\\/\\\/www.vnh.org\\\/indexphp\\\/le-travail-dun-audioprothesiste\"},\"wordCount\":695,\"image\":{\"@id\":\"https:\\\/\\\/www.vnh.org\\\/indexphp\\\/le-travail-dun-audioprothesiste#primaryimage\"},\"thumbnailUrl\":\"https:\\\/\\\/www.vnh.org\\\/wp-content\\\/uploads\\\/2025\\\/04\\\/audioprothesiste.jpg\",\"articleSection\":[\"News\"],\"inLanguage\":\"fr-FR\"},{\"@type\":\"WebPage\",\"@id\":\"https:\\\/\\\/www.vnh.org\\\/indexphp\\\/le-travail-dun-audioprothesiste\",\"url\":\"https:\\\/\\\/www.vnh.org\\\/indexphp\\\/le-travail-dun-audioprothesiste\",\"name\":\"Le travail d\u2019un audioproth\u00e9siste\",\"isPartOf\":{\"@id\":\"https:\\\/\\\/www.vnh.org\\\/#website\"},\"primaryImageOfPage\":{\"@id\":\"https:\\\/\\\/www.vnh.org\\\/indexphp\\\/le-travail-dun-audioprothesiste#primaryimage\"},\"image\":{\"@id\":\"https:\\\/\\\/www.vnh.org\\\/indexphp\\\/le-travail-dun-audioprothesiste#primaryimage\"},\"thumbnailUrl\":\"https:\\\/\\\/www.vnh.org\\\/wp-content\\\/uploads\\\/2025\\\/04\\\/audioprothesiste.jpg\",\"datePublished\":\"2025-04-26T08:18:00+00:00\",\"dateModified\":\"2025-04-26T08:18:05+00:00\",\"author\":{\"@id\":\"https:\\\/\\\/www.vnh.org\\\/#\\\/schema\\\/person\\\/53805ef43a86e58581d1a07c118091aa\"},\"breadcrumb\":{\"@id\":\"https:\\\/\\\/www.vnh.org\\\/indexphp\\\/le-travail-dun-audioprothesiste#breadcrumb\"},\"inLanguage\":\"fr-FR\",\"potentialAction\":[{\"@type\":\"ReadAction\",\"target\":[\"https:\\\/\\\/www.vnh.org\\\/indexphp\\\/le-travail-dun-audioprothesiste\"]}]},{\"@type\":\"ImageObject\",\"inLanguage\":\"fr-FR\",\"@id\":\"https:\\\/\\\/www.vnh.org\\\/indexphp\\\/le-travail-dun-audioprothesiste#primaryimage\",\"url\":\"https:\\\/\\\/www.vnh.org\\\/wp-content\\\/uploads\\\/2025\\\/04\\\/audioprothesiste.jpg\",\"contentUrl\":\"https:\\\/\\\/www.vnh.org\\\/wp-content\\\/uploads\\\/2025\\\/04\\\/audioprothesiste.jpg\",\"width\":500,\"height\":333,\"caption\":\"audioproth\u00e9siste\"},{\"@type\":\"BreadcrumbList\",\"@id\":\"https:\\\/\\\/www.vnh.org\\\/indexphp\\\/le-travail-dun-audioprothesiste#breadcrumb\",\"itemListElement\":[{\"@type\":\"ListItem\",\"position\":1,\"name\":\"Accueil\",\"item\":\"https:\\\/\\\/www.vnh.org\\\/\"},{\"@type\":\"ListItem\",\"position\":2,\"name\":\"Le travail d\u2019un audioproth\u00e9siste\"}]},{\"@type\":\"WebSite\",\"@id\":\"https:\\\/\\\/www.vnh.org\\\/#website\",\"url\":\"https:\\\/\\\/www.vnh.org\\\/\",\"name\":\"https:\\\/\\\/www.vnh.org\\\/\",\"description\":\"\",\"potentialAction\":[{\"@type\":\"SearchAction\",\"target\":{\"@type\":\"EntryPoint\",\"urlTemplate\":\"https:\\\/\\\/www.vnh.org\\\/?s={search_term_string}\"},\"query-input\":{\"@type\":\"PropertyValueSpecification\",\"valueRequired\":true,\"valueName\":\"search_term_string\"}}],\"inLanguage\":\"fr-FR\"},{\"@type\":\"Person\",\"@id\":\"https:\\\/\\\/www.vnh.org\\\/#\\\/schema\\\/person\\\/53805ef43a86e58581d1a07c118091aa\",\"name\":\"habitat\",\"image\":{\"@type\":\"ImageObject\",\"inLanguage\":\"fr-FR\",\"@id\":\"https:\\\/\\\/secure.gravatar.com\\\/avatar\\\/0af7b9558cdd74fbbbd7114862083cdbd1c11fbbae6ab1e277bf26caccf1c0b5?s=96&d=mm&r=g\",\"url\":\"https:\\\/\\\/secure.gravatar.com\\\/avatar\\\/0af7b9558cdd74fbbbd7114862083cdbd1c11fbbae6ab1e277bf26caccf1c0b5?s=96&d=mm&r=g\",\"contentUrl\":\"https:\\\/\\\/secure.gravatar.com\\\/avatar\\\/0af7b9558cdd74fbbbd7114862083cdbd1c11fbbae6ab1e277bf26caccf1c0b5?s=96&d=mm&r=g\",\"caption\":\"habitat\"},\"url\":\"https:\\\/\\\/www.vnh.org\\\/index.php\\\/blog\\\/entry\\\/author\\\/habitat\"}]}<\/script>\n<!-- \/ Yoast SEO plugin. -->","yoast_head_json":{"title":"Le travail d\u2019un audioproth\u00e9siste","robots":{"index":"index","follow":"follow","max-snippet":"max-snippet:-1","max-image-preview":"max-image-preview:large","max-video-preview":"max-video-preview:-1"},"canonical":"https:\/\/www.vnh.org\/indexphp\/le-travail-dun-audioprothesiste","og_locale":"fr_FR","og_type":"article","og_title":"Le travail d\u2019un audioproth\u00e9siste","og_description":"On peut d\u00e9finir l\u2019audioproth\u00e9siste comme un professionnel de sant\u00e9 titulaire d\u2019un dipl\u00f4me sup\u00e9rieur en audiologie proth\u00e9tique. C\u2019est le principal responsable de l\u2019adaptation personnalis\u00e9e de l\u2019aide auditive pour chaque patient, en fonction de son probl\u00e8me d\u2019audition. Il effectue plusieurs t\u00e2ches qui requi\u00e8rent un haut niveau de sp\u00e9cialisation. C\u2019est donc important de choisir le bon centre auditif...","og_url":"https:\/\/www.vnh.org\/indexphp\/le-travail-dun-audioprothesiste","og_site_name":"https:\/\/www.vnh.org\/","article_published_time":"2025-04-26T08:18:00+00:00","article_modified_time":"2025-04-26T08:18:05+00:00","og_image":[{"width":500,"height":333,"url":"https:\/\/www.vnh.org\/wp-content\/uploads\/2025\/04\/audioprothesiste.jpg","type":"image\/jpeg"}],"author":"habitat","twitter_card":"summary_large_image","twitter_misc":{"\u00c9crit par":"habitat","Dur\u00e9e de lecture estim\u00e9e":"4 minutes"},"schema":{"@context":"https:\/\/schema.org","@graph":[{"@type":"Article","@id":"https:\/\/www.vnh.org\/indexphp\/le-travail-dun-audioprothesiste#article","isPartOf":{"@id":"https:\/\/www.vnh.org\/indexphp\/le-travail-dun-audioprothesiste"},"author":{"name":"habitat","@id":"https:\/\/www.vnh.org\/#\/schema\/person\/53805ef43a86e58581d1a07c118091aa"},"headline":"Le travail d\u2019un audioproth\u00e9siste","datePublished":"2025-04-26T08:18:00+00:00","dateModified":"2025-04-26T08:18:05+00:00","mainEntityOfPage":{"@id":"https:\/\/www.vnh.org\/indexphp\/le-travail-dun-audioprothesiste"},"wordCount":695,"image":{"@id":"https:\/\/www.vnh.org\/indexphp\/le-travail-dun-audioprothesiste#primaryimage"},"thumbnailUrl":"https:\/\/www.vnh.org\/wp-content\/uploads\/2025\/04\/audioprothesiste.jpg","articleSection":["News"],"inLanguage":"fr-FR"},{"@type":"WebPage","@id":"https:\/\/www.vnh.org\/indexphp\/le-travail-dun-audioprothesiste","url":"https:\/\/www.vnh.org\/indexphp\/le-travail-dun-audioprothesiste","name":"Le travail d\u2019un audioproth\u00e9siste","isPartOf":{"@id":"https:\/\/www.vnh.org\/#website"},"primaryImageOfPage":{"@id":"https:\/\/www.vnh.org\/indexphp\/le-travail-dun-audioprothesiste#primaryimage"},"image":{"@id":"https:\/\/www.vnh.org\/indexphp\/le-travail-dun-audioprothesiste#primaryimage"},"thumbnailUrl":"https:\/\/www.vnh.org\/wp-content\/uploads\/2025\/04\/audioprothesiste.jpg","datePublished":"2025-04-26T08:18:00+00:00","dateModified":"2025-04-26T08:18:05+00:00","author":{"@id":"https:\/\/www.vnh.org\/#\/schema\/person\/53805ef43a86e58581d1a07c118091aa"},"breadcrumb":{"@id":"https:\/\/www.vnh.org\/indexphp\/le-travail-dun-audioprothesiste#breadcrumb"},"inLanguage":"fr-FR","potentialAction":[{"@type":"ReadAction","target":["https:\/\/www.vnh.org\/indexphp\/le-travail-dun-audioprothesiste"]}]},{"@type":"ImageObject","inLanguage":"fr-FR","@id":"https:\/\/www.vnh.org\/indexphp\/le-travail-dun-audioprothesiste#primaryimage","url":"https:\/\/www.vnh.org\/wp-content\/uploads\/2025\/04\/audioprothesiste.jpg","contentUrl":"https:\/\/www.vnh.org\/wp-content\/uploads\/2025\/04\/audioprothesiste.jpg","width":500,"height":333,"caption":"audioproth\u00e9siste"},{"@type":"BreadcrumbList","@id":"https:\/\/www.vnh.org\/indexphp\/le-travail-dun-audioprothesiste#breadcrumb","itemListElement":[{"@type":"ListItem","position":1,"name":"Accueil","item":"https:\/\/www.vnh.org\/"},{"@type":"ListItem","position":2,"name":"Le travail d\u2019un audioproth\u00e9siste"}]},{"@type":"WebSite","@id":"https:\/\/www.vnh.org\/#website","url":"https:\/\/www.vnh.org\/","name":"https:\/\/www.vnh.org\/","description":"","potentialAction":[{"@type":"SearchAction","target":{"@type":"EntryPoint","urlTemplate":"https:\/\/www.vnh.org\/?s={search_term_string}"},"query-input":{"@type":"PropertyValueSpecification","valueRequired":true,"valueName":"search_term_string"}}],"inLanguage":"fr-FR"},{"@type":"Person","@id":"https:\/\/www.vnh.org\/#\/schema\/person\/53805ef43a86e58581d1a07c118091aa","name":"habitat","image":{"@type":"ImageObject","inLanguage":"fr-FR","@id":"https:\/\/secure.gravatar.com\/avatar\/0af7b9558cdd74fbbbd7114862083cdbd1c11fbbae6ab1e277bf26caccf1c0b5?s=96&d=mm&r=g","url":"https:\/\/secure.gravatar.com\/avatar\/0af7b9558cdd74fbbbd7114862083cdbd1c11fbbae6ab1e277bf26caccf1c0b5?s=96&d=mm&r=g","contentUrl":"https:\/\/secure.gravatar.com\/avatar\/0af7b9558cdd74fbbbd7114862083cdbd1c11fbbae6ab1e277bf26caccf1c0b5?s=96&d=mm&r=g","caption":"habitat"},"url":"https:\/\/www.vnh.org\/index.php\/blog\/entry\/author\/habitat"}]}},"_links":{"self":[{"href":"https:\/\/www.vnh.org\/index.php\/wp-json\/wp\/v2\/posts\/7084","targetHints":{"allow":["GET"]}}],"collection":[{"href":"https:\/\/www.vnh.org\/index.php\/wp-json\/wp\/v2\/posts"}],"about":[{"href":"https:\/\/www.vnh.org\/index.php\/wp-json\/wp\/v2\/types\/post"}],"author":[{"embeddable":true,"href":"https:\/\/www.vnh.org\/index.php\/wp-json\/wp\/v2\/users\/4"}],"replies":[{"embeddable":true,"href":"https:\/\/www.vnh.org\/index.php\/wp-json\/wp\/v2\/comments?post=7084"}],"version-history":[{"count":1,"href":"https:\/\/www.vnh.org\/index.php\/wp-json\/wp\/v2\/posts\/7084\/revisions"}],"predecessor-version":[{"id":7086,"href":"https:\/\/www.vnh.org\/index.php\/wp-json\/wp\/v2\/posts\/7084\/revisions\/7086"}],"wp:featuredmedia":[{"embeddable":true,"href":"https:\/\/www.vnh.org\/index.php\/wp-json\/wp\/v2\/media\/7085"}],"wp:attachment":[{"href":"https:\/\/www.vnh.org\/index.php\/wp-json\/wp\/v2\/media?parent=7084"}],"wp:term":[{"taxonomy":"category","embeddable":true,"href":"https:\/\/www.vnh.org\/index.php\/wp-json\/wp\/v2\/categories?post=7084"},{"taxonomy":"post_tag","embeddable":true,"href":"https:\/\/www.vnh.org\/index.php\/wp-json\/wp\/v2\/tags?post=7084"}],"curies":[{"name":"wp","href":"https:\/\/api.w.org\/{rel}","templated":true}]}}